{"id":805,"date":"2011-01-20T14:45:41","date_gmt":"2011-01-20T14:45:41","guid":{"rendered":"http:\/\/www.transtrend.de\/franzkarl\/wordpress\/?p=805"},"modified":"2018-01-11T20:11:13","modified_gmt":"2018-01-11T20:11:13","slug":"schloss-erolzheim","status":"publish","type":"post","link":"https:\/\/www.transtrend.de\/franzkarl\/wordpress\/?p=805","title":{"rendered":"Schloss Erolzheim"},"content":{"rendered":"<p><a href=\"http:\/\/www.transtrend.de\/franzkarl\/wordpress\/wp-content\/uploads\/2011\/01\/index17.jpg\"><img loading=\"lazy\" decoding=\"async\" style=\"display: block; float: none; margin-left: auto; margin-right: auto; border: 0px;\" title=\"index1\" src=\"http:\/\/www.transtrend.de\/franzkarl\/wordpress\/wp-content\/uploads\/2011\/01\/index1_thumb6.jpg\" alt=\"index1\" width=\"154\" height=\"106\" border=\"0\" \/><\/a><\/p>\n<p>Der Name Erolzheim kommt angeblich von einem Ritter zur Zeit Ottos des Gro\u00dfen, der ein Rad von Marstetten nach Erolzheim rollte. \u201cEr rollts heim\u201d Nach der Aktenlage wird Erolzheim erstmals am 4. Februar 1040 in ein Urkunde erw\u00e4hnt. Kaiser Heinrich III. best\u00e4tigt auf einer auf der Reichenau ausgestellten Urkunde dem Kloster Einsiedeln seine Besitzungen und Rechte unter anderem in Erolzheim. Da heisst es: &#8222;In comitatu Ilregeuue Erolfesheim&#8220; (WUB I,265 Nr.223)\u00a0Vom 12.bis zum 16. Jahrhundert sind die Herren von Erolzheim im Besitz des Ortes. 1517 verleiht ihnen Kaiser Maximilian die Hochgerichtsbarkeit \u00fcber Erolzheim und Kirchdorf an der Iller. Hans von Erolzheim verkauft seinen Stammsitz an die Gebr\u00fcder von Welden. 1594 erwirbt Konrad der \u00c4ltere von Bemmelsberg die Herrschaft Erolzheim. Die von Bemmelsberg sind ein altes hessisches Adelsgeschlecht aus der N\u00e4he von Eschwege genannt nach ihrem Stammsitz Boyneburg oder Bemmelsberg.<\/p>\n<p>1806 f\u00e4llt Erolzheim an Bayern und kommt dann 1810 an W\u00fcrttemberg. 1826 stirbt Sebastian von Bemmelsberg. Damit erlischt das Geschlecht derer von Bemmelsberg. \u00dcber mehrere Stationen kommt das Schloss 1915 an den Ulmer Geheimrat Albert Konstantin von Kienlin.\u00a0 Am 26. April 1945 wird Erolzheim von amerikanischen Truppen eingenommen. Gegen Kriegsende wurden vom Stuttgarter Stadttheater die Kost\u00fcm und Waffenausstattung des Theaters wegen des Bombenkriegs ins Erolzheimer Schloss gebracht. Im Juli wurden dann die Besatzungszonen geregelt und die Franzosen l\u00f6sten die Amerikaner ab, die \u00fcber die Iller in die nun amerikanische Zone gingen. Am 13. September 1945 kam es dann noch zu einem Gro\u00dfbrand im Schloss.<\/p>\n<p>1987 wird das Schloss von der Familie von Kienlin verkauft. Heute beherbergt es rund 30 Wohnanlagen,\u00a0 B\u00fcros sowie ein Restaurant und ein Hotel.<\/p>\n<p><a href=\"http:\/\/www.transtrend.de\/franzkarl\/wordpress\/wp-content\/uploads\/2011\/01\/022rundgang.jpg\"><img loading=\"lazy\" decoding=\"async\" style=\"display: block; float: none; margin-left: auto; margin-right: auto; border: 0px;\" title=\"022-rundgang\" src=\"http:\/\/www.transtrend.de\/franzkarl\/wordpress\/wp-content\/uploads\/2011\/01\/022rundgang_thumb.jpg\" alt=\"022-rundgang\" width=\"157\" height=\"116\" border=\"0\" \/><\/a> Schlossweier<\/p>\n","protected":false},"excerpt":{"rendered":"<p>Der Name Erolzheim kommt angeblich von einem Ritter zur Zeit Ottos des Gro\u00dfen, der ein Rad von Marstetten nach Erolzheim rollte. \u201cEr rollts heim\u201d Nach der Aktenlage wird Erolzheim erstmals am 4. Februar 1040 in ein Urkunde erw\u00e4hnt. Kaiser Heinrich III. best\u00e4tigt auf einer auf der Reichenau ausgestellten Urkunde dem Kloster Einsiedeln seine Besitzungen und [&hellip;]<\/p>\n","protected":false},"author":1,"featured_media":0,"comment_status":"open","ping_status":"open","sticky":false,"template":"","format":"standard","meta":{"footnotes":""},"categories":[18],"tags":[],"class_list":["post-805","post","type-post","status-publish","format-standard","hentry","category-burgen-und-schlosser-in-oberschwaben"],"_links":{"self":[{"href":"https:\/\/www.transtrend.de\/franzkarl\/wordpress\/index.php?rest_route=\/wp\/v2\/posts\/805","targetHints":{"allow":["GET"]}}],"collection":[{"href":"https:\/\/www.transtrend.de\/franzkarl\/wordpress\/index.php?rest_route=\/wp\/v2\/posts"}],"about":[{"href":"https:\/\/www.transtrend.de\/franzkarl\/wordpress\/index.php?rest_route=\/wp\/v2\/types\/post"}],"author":[{"embeddable":true,"href":"https:\/\/www.transtrend.de\/franzkarl\/wordpress\/index.php?rest_route=\/wp\/v2\/users\/1"}],"replies":[{"embeddable":true,"href":"https:\/\/www.transtrend.de\/franzkarl\/wordpress\/index.php?rest_route=%2Fwp%2Fv2%2Fcomments&post=805"}],"version-history":[{"count":4,"href":"https:\/\/www.transtrend.de\/franzkarl\/wordpress\/index.php?rest_route=\/wp\/v2\/posts\/805\/revisions"}],"predecessor-version":[{"id":2968,"href":"https:\/\/www.transtrend.de\/franzkarl\/wordpress\/index.php?rest_route=\/wp\/v2\/posts\/805\/revisions\/2968"}],"wp:attachment":[{"href":"https:\/\/www.transtrend.de\/franzkarl\/wordpress\/index.php?rest_route=%2Fwp%2Fv2%2Fmedia&parent=805"}],"wp:term":[{"taxonomy":"category","embeddable":true,"href":"https:\/\/www.transtrend.de\/franzkarl\/wordpress\/index.php?rest_route=%2Fwp%2Fv2%2Fcategories&post=805"},{"taxonomy":"post_tag","embeddable":true,"href":"https:\/\/www.transtrend.de\/franzkarl\/wordpress\/index.php?rest_route=%2Fwp%2Fv2%2Ftags&post=805"}],"curies":[{"name":"wp","href":"https:\/\/api.w.org\/{rel}","templated":true}]}}