{"id":700,"date":"2011-01-15T12:03:18","date_gmt":"2011-01-15T12:03:18","guid":{"rendered":"http:\/\/www.transtrend.de\/franzkarl\/wordpress\/?p=700"},"modified":"2011-01-15T12:09:32","modified_gmt":"2011-01-15T12:09:32","slug":"kloster-limburg","status":"publish","type":"post","link":"https:\/\/www.transtrend.de\/franzkarl\/wordpress\/?p=700","title":{"rendered":"Kloster Limburg"},"content":{"rendered":"<p>\u00a0<\/p>\n<p><a href=\"http:\/\/www.transtrend.de\/franzkarl\/wordpress\/wp-content\/uploads\/2011\/01\/450pxLimburg_Blick_auf_Turm.jpg\"><img loading=\"lazy\" decoding=\"async\" style=\"display: block; float: none; margin-left: auto; margin-right: auto; border: 0px;\" title=\"450px-Limburg_Blick_auf_Turm\" src=\"http:\/\/www.transtrend.de\/franzkarl\/wordpress\/wp-content\/uploads\/2011\/01\/450pxLimburg_Blick_auf_Turm_thumb.jpg\" border=\"0\" alt=\"450px-Limburg_Blick_auf_Turm\" width=\"184\" height=\"244\" \/><\/a><\/p>\n<p>Hoch \u00fcber der Isenach liegt die Klosterruine Limburg an einem sehr geschichtstr\u00e4chtigen Platz der Pfalz. Schon im 5. Jahrhundert vor Christus war hier wohl ein keltischer F\u00fcrstensitz. In der N\u00e4he ist der Teufelsstein, der von den Kelten rituell genutzt wurde. Im 9. Jahrhundert nach Christus wurde auf dem \u201cLinthberg\u201d, manche leiten das von Lindwurm also Drachenberg ab,\u00a0 von den Saliern eine Burg errichtet. die Salier waren damals Herz\u00f6ge in Worms. Die Schutzfunktion \u00fcbernahm dann dreihundert Jahre sp\u00e4ter die ganz in der N\u00e4he von den Leiningern erbaute Hardenburg. Der Name wurde beibehalten und die Burg 1024 zu einem Benediktinerkloster mit dreischiffiger Basilika umgebaut. 1035 wurde sie unter Anwesenheit Konrads II. Maria geweiht. Im zeitgen\u00f6ssischen Dynastieverst\u00e4ndnis sollte es Hauskloster der Salier werden und der zur selben Zeit gebaute Dom zu Speyer die Grablege der Salier. Angeblich legte Konrad am selben Tag den Grundstein in Limburg und in Speyer. Die Bedeutung des Klosters zeigt sich auch daran, dass von 1034 bis 1065 die Reichsinsignien vor\u00fcbergehend im Kloster aufbewahrt wurden. Der Baumeister des Klosters, Abt Gumbert starb ein Jahr nach der Weihe. Sein Grabstein ist in der Westwand der Krypta eingelassen. Konrad II. erlebte die Vollendung des Klosters nicht. Er starb 1039 in Utrecht. Sein Sohn Heinrich III. setzte die Bauarbeiten fort und als\u00a0dessen \u00a0Gemahlin Gunhild, die Tochter Knuds von D\u00e4nemark, in Italien wahrscheinlich an Malaria starb, lie\u00df Heinrich diese von Italien \u00fcberf\u00fchren. Sie ist auf der Limburg bestattet. Ihre Gebeine wurden 1935 gefunden, ihre Echtheit best\u00e4tigt und an der alten Stelle wieder bestattet. Eine Grabplatte erinnert heute an sie. Auf der Limburg wurde 1038 eine Synode nach dem \u201cStra\u00dfburger Adventsstreit\u201d abgehalten.Die Zahl der Adventssonntage war bis dahin unterschiedlich.In der spanischen Liturgie gab es 5-6 Adventssonntage, die gallische-fr\u00e4nkische hatte 5. Kaiserliche Macht entschied hier noch den kirchlichen Belang.<\/p>\n<p>1042 wurde die Kirche vollendet. Der Hochaltar war zwei Jahre vorher zu Ehren Johannes des T\u00e4ufers und des Evangelisten Johannes geweiht. Das Kloster aber<a href=\"http:\/\/www.transtrend.de\/franzkarl\/wordpress\/wp-content\/uploads\/2011\/01\/kloster010LimburgWappen.png\"><img loading=\"lazy\" decoding=\"async\" style=\"display: block; float: none; margin-left: auto; margin-right: auto; border: 0px;\" title=\"kloster010LimburgWappen\" src=\"http:\/\/www.transtrend.de\/franzkarl\/wordpress\/wp-content\/uploads\/2011\/01\/kloster010LimburgWappen_thumb.png\" border=\"0\" alt=\"kloster010LimburgWappen\" width=\"203\" height=\"244\" \/><\/a>wurde Kloster zum Heiligen Kreuz genannt. 1047 brachte Heinrich III. ein St\u00fcck des heiligen Kreuzes aus Italien zur Limburg. 1206, nach anderen Quellen auch 1237 wurden die in der N\u00e4he ans\u00e4ssigen Grafen zu Leiningen zu Schutzv\u00f6gten des Klosters ernannt. Sie erbauten widerrechtlich auf kl\u00f6sterlichem Boden die Hardenburg. Daraus entwickelte sich ein Rechtsstreit, der erst 1249 beigelegt wurde. Danach scheint das Verh\u00e4ltnis weitgehend ungetr\u00fcbt gewesen zu sein. In einer Fehde der Leininger mit den F\u00fcrstbist\u00fcmern Worms, Mainz und Speyer wurde das Kloster 1367 stark besch\u00e4digt. 1449 erlie\u00df der Abt des wiederhergestellten Klosters eine Marktordnung f\u00fcr D\u00fcrkheim. Der dortige Markt wurde zu einem \u00f6ffentlichen Kirchweifest umgewandelt. Daraus entwickelte sich der D\u00fcrkheimer Wurstmarkt. Es gab aber auch Pl\u00fcnderungen, ausgerechnet durch Leininger Truppen im Krieg zwischen Kurf\u00fcrst Friedrich von der Pfalz und Leiningen-Valdenz.<\/p>\n<p>Der Landshuter Erbfolgekrieg 1503 besiegelte dann das Schicksal der Abtei. 1504 besetzten Leiningische Truppen das Kloster. zusammen mit D\u00fcrkheimer B\u00fcrgern steckten sie es in Brand. Zeitgen\u00f6ssische Quellen berichten, dass das Feuer 12 Tage gew\u00fctet habe. Zwar wurde 1515 mit dem Wiederaufbau begonnen. Die Einf\u00fchrung der Reformation in der Pfalz durch Friedrich III. beendete aber das kl\u00f6sterliche Leben. Die M\u00f6nche wollten die neue Lehre nicht annehmen. Kurf\u00fcrst Friedrich untersagte dann die Aufnahme von Novizen. Das Kloster starb aus.<\/p>\n<p>In napoleonischer Zeit wurde die Ruine als Steinbruch genutzt. 1843 erwarb die Stadt D\u00fcrkheim die Ruinen. Seit 1971 werden die Ruinen gesichert und Teile restauriert.<\/p>\n<p>In der\u00a0 Sakristei der ehemaligen Klosterbasilika ist heute ein Restaurant untergebracht, die Klostersch\u00e4nke. Im Sommer finden Freilicht-Theater-und Opernauff\u00fchrungen statt. Die Krypta wird zu Trauungen benutzt<\/p>\n<p><a href=\"http:\/\/www.transtrend.de\/franzkarl\/wordpress\/wp-content\/uploads\/2011\/01\/index14.jpg\"><img loading=\"lazy\" decoding=\"async\" style=\"display: block; float: none; margin-left: auto; margin-right: auto; border: 0px;\" title=\"index1\" src=\"http:\/\/www.transtrend.de\/franzkarl\/wordpress\/wp-content\/uploads\/2011\/01\/index1_thumb3.jpg\" border=\"0\" alt=\"index1\" width=\"154\" height=\"104\" \/><\/a><\/p>\n","protected":false},"excerpt":{"rendered":"<p>\u00a0 Hoch \u00fcber der Isenach liegt die Klosterruine Limburg an einem sehr geschichtstr\u00e4chtigen Platz der Pfalz. Schon im 5. Jahrhundert vor Christus war hier wohl ein keltischer F\u00fcrstensitz. In der N\u00e4he ist der Teufelsstein, der von den Kelten rituell genutzt wurde. Im 9. Jahrhundert nach Christus wurde auf dem \u201cLinthberg\u201d, manche leiten das von Lindwurm [&hellip;]<\/p>\n","protected":false},"author":1,"featured_media":0,"comment_status":"open","ping_status":"open","sticky":false,"template":"","format":"standard","meta":{"footnotes":""},"categories":[19],"tags":[],"class_list":["post-700","post","type-post","status-publish","format-standard","hentry","category-kloster-in-rheinland-pfalz"],"_links":{"self":[{"href":"https:\/\/www.transtrend.de\/franzkarl\/wordpress\/index.php?rest_route=\/wp\/v2\/posts\/700","targetHints":{"allow":["GET"]}}],"collection":[{"href":"https:\/\/www.transtrend.de\/franzkarl\/wordpress\/index.php?rest_route=\/wp\/v2\/posts"}],"about":[{"href":"https:\/\/www.transtrend.de\/franzkarl\/wordpress\/index.php?rest_route=\/wp\/v2\/types\/post"}],"author":[{"embeddable":true,"href":"https:\/\/www.transtrend.de\/franzkarl\/wordpress\/index.php?rest_route=\/wp\/v2\/users\/1"}],"replies":[{"embeddable":true,"href":"https:\/\/www.transtrend.de\/franzkarl\/wordpress\/index.php?rest_route=%2Fwp%2Fv2%2Fcomments&post=700"}],"version-history":[{"count":2,"href":"https:\/\/www.transtrend.de\/franzkarl\/wordpress\/index.php?rest_route=\/wp\/v2\/posts\/700\/revisions"}],"predecessor-version":[{"id":703,"href":"https:\/\/www.transtrend.de\/franzkarl\/wordpress\/index.php?rest_route=\/wp\/v2\/posts\/700\/revisions\/703"}],"wp:attachment":[{"href":"https:\/\/www.transtrend.de\/franzkarl\/wordpress\/index.php?rest_route=%2Fwp%2Fv2%2Fmedia&parent=700"}],"wp:term":[{"taxonomy":"category","embeddable":true,"href":"https:\/\/www.transtrend.de\/franzkarl\/wordpress\/index.php?rest_route=%2Fwp%2Fv2%2Fcategories&post=700"},{"taxonomy":"post_tag","embeddable":true,"href":"https:\/\/www.transtrend.de\/franzkarl\/wordpress\/index.php?rest_route=%2Fwp%2Fv2%2Ftags&post=700"}],"curies":[{"name":"wp","href":"https:\/\/api.w.org\/{rel}","templated":true}]}}