{"id":356,"date":"2010-12-27T15:36:02","date_gmt":"2010-12-27T15:36:02","guid":{"rendered":"http:\/\/www.transtrend.de\/franzkarl\/wordpress\/?p=356"},"modified":"2014-03-22T12:52:29","modified_gmt":"2014-03-22T12:52:29","slug":"burgruine-drachenfels","status":"publish","type":"post","link":"https:\/\/www.transtrend.de\/franzkarl\/wordpress\/?p=356","title":{"rendered":"Burgruine Drachenfels"},"content":{"rendered":"<p>&nbsp;<\/p>\n<p><a href=\"http:\/\/www.transtrend.de\/franzkarl\/wordpress\/wp-content\/uploads\/2010\/12\/DRACHE08.jpg\"><img loading=\"lazy\" decoding=\"async\" style=\"display: block; float: none; margin-left: auto; margin-right: auto; border: 0px;\" title=\"DRACHE08\" alt=\"DRACHE08\" src=\"http:\/\/www.transtrend.de\/franzkarl\/wordpress\/wp-content\/uploads\/2010\/12\/DRACHE08_thumb.jpg\" width=\"244\" height=\"243\" border=\"0\" \/><\/a><\/p>\n<p>Die Burgruine liegt s\u00fcdlich von Busenberg in der Pfalz.<\/p>\n<p>Die Anf\u00e4nge der Burg sind ungekl\u00e4rt. Es gibt Spekulationen auf fr\u00fchmittelalterliche, r\u00f6mische oder sogar pr\u00e4historische\u00a0 Vorg\u00e4nger. Diese lassen sich jedoch nicht belegen. Der Name der Burg geht angeblich auf eine Zeichnung<a href=\"http:\/\/www.transtrend.de\/franzkarl\/wordpress\/wp-content\/uploads\/2010\/12\/Drache.jpg\"><img loading=\"lazy\" decoding=\"async\" style=\"display: inline; margin-left: 0px; margin-right: 0px; border: 0px;\" title=\"Drache\" alt=\"Drache\" src=\"http:\/\/www.transtrend.de\/franzkarl\/wordpress\/wp-content\/uploads\/2010\/12\/Drache_thumb.jpg\" width=\"147\" height=\"89\" align=\"right\" border=\"0\" \/><\/a>\u00a0 in der Sandsteinwand des ehemaligen Burgsaals zur\u00fcck, es ist jedoch m\u00f6glich, dass diese Zeichnung erst angebracht wurde, als die Burg schon Drachenfels hie\u00df. Die erste urkundliche Erw\u00e4hnung der Wasgauburg l\u00e4sst sich f\u00fcr einen Walter von Drachenfels 1245 belegen. Alle vorherigen Erw\u00e4hnungen beziehen sich auf die Burg Drachenfels nahe bei Bonn. Ende des 13. Jahrhunderts gab es dann Streitigkeiten zwischen dem Bischof von Worms und zwei Vettern Rudolf und Anselm von Drachenfels, die f\u00fcr 1288 zu belegen sind. Von diesen beiden Rittern stammt das \u00e4lteste bekannteste<\/p>\n<p>Siegel derer vom Drachenfels, einen Drachen in einem Spitzschild.<\/p>\n<p>1314 wurde der benachbarte Berwartstein durch die St\u00e4dte Hagenau und Stra\u00dfburg belagert. Das scheint schwere Auswirkungen auf die Besitzungen derer von Drachenstein gehabt zu haben und f\u00fchrte zu weiteren Spannungen. Nach dem Vorwurf der Stra\u00dfenr\u00e4uberei nahmen stra\u00dfburgische Truppen die Burg 1335 ein und zwangen die Besatzung zur \u00dcbergabe. Das ersch\u00fctterte auch die wirtschaftliche Situation der Burgherren, so dass sie ab 1344 gezwungen waren, die Burg nach und nach zu verkaufen. Sie ging an Zweibr\u00fccken \u00fcber. Allerdings blieb der oberste Lehensherr der Abt von Klingenm\u00fcnster. 1463 gr\u00fcndete die oberrheinische Reichsritterschaft die \u201cHeilig-Geist-Gesellschaft\u201d. Zum Versammlungsort wurde der Drachenfels bestimmt. Das hatte Folgen f\u00fcr die Burg<\/p>\n<p>im Zuge der Sickingenschen Fehde 1522\/1523. Am 15. Mai 1523 zogen 3 F\u00e4hnlein Landsknechte, 300 Berittene und Artillerie vor die Burg. Nach kurzer Unterhandlung \u00fcbergab der Vogt die Burg. Sie wurde gepl\u00fcndert, in Brand gesteckt und geschleift und mit einem Wiederaufbauverbot belegt.<\/p>\n<p>In der Folge diente sie als Steinbruch. Beim Bau der katholischen Kirche in Busenberg 1760-67 wurden Steine der Burg verbaut. Und ein Nachkomme der Eigner, Freiherr Franz Christoph Eckbrecht von D\u00fcrkheim errichte sich aus den Steinen der Burg ein Landhaus in Busenberg, das Schl\u00f6sschen genannt wird.<\/p>\n<p>Mit ihren vielen Gew\u00f6lben, Treppen, verzweigten G\u00e4nge geh\u00f6rt sie immer noch zu den sch\u00f6nsten Ruinen der Pfalz.<\/p>\n<p><a href=\"http:\/\/www.transtrend.de\/franzkarl\/wordpress\/wp-content\/uploads\/2010\/12\/BurgruineDrachenfels.jpg\"><img loading=\"lazy\" decoding=\"async\" style=\"display: block; float: none; margin-left: auto; margin-right: auto; border: 0px;\" title=\"Burgruine Drachenfels\" alt=\"Burgruine Drachenfels\" src=\"http:\/\/www.transtrend.de\/franzkarl\/wordpress\/wp-content\/uploads\/2010\/12\/BurgruineDrachenfels_thumb.jpg\" width=\"147\" height=\"118\" border=\"0\" \/><\/a><\/p>\n","protected":false},"excerpt":{"rendered":"<p>&nbsp; Die Burgruine liegt s\u00fcdlich von Busenberg in der Pfalz. Die Anf\u00e4nge der Burg sind ungekl\u00e4rt. Es gibt Spekulationen auf fr\u00fchmittelalterliche, r\u00f6mische oder sogar pr\u00e4historische\u00a0 Vorg\u00e4nger. Diese lassen sich jedoch nicht belegen. Der Name der Burg geht angeblich auf eine Zeichnung\u00a0 in der Sandsteinwand des ehemaligen Burgsaals zur\u00fcck, es ist jedoch m\u00f6glich, dass diese Zeichnung [&hellip;]<\/p>\n","protected":false},"author":1,"featured_media":0,"comment_status":"open","ping_status":"open","sticky":false,"template":"","format":"standard","meta":{"footnotes":""},"categories":[14],"tags":[],"class_list":["post-356","post","type-post","status-publish","format-standard","hentry","category-pfalzer-burgen"],"_links":{"self":[{"href":"https:\/\/www.transtrend.de\/franzkarl\/wordpress\/index.php?rest_route=\/wp\/v2\/posts\/356","targetHints":{"allow":["GET"]}}],"collection":[{"href":"https:\/\/www.transtrend.de\/franzkarl\/wordpress\/index.php?rest_route=\/wp\/v2\/posts"}],"about":[{"href":"https:\/\/www.transtrend.de\/franzkarl\/wordpress\/index.php?rest_route=\/wp\/v2\/types\/post"}],"author":[{"embeddable":true,"href":"https:\/\/www.transtrend.de\/franzkarl\/wordpress\/index.php?rest_route=\/wp\/v2\/users\/1"}],"replies":[{"embeddable":true,"href":"https:\/\/www.transtrend.de\/franzkarl\/wordpress\/index.php?rest_route=%2Fwp%2Fv2%2Fcomments&post=356"}],"version-history":[{"count":3,"href":"https:\/\/www.transtrend.de\/franzkarl\/wordpress\/index.php?rest_route=\/wp\/v2\/posts\/356\/revisions"}],"predecessor-version":[{"id":2357,"href":"https:\/\/www.transtrend.de\/franzkarl\/wordpress\/index.php?rest_route=\/wp\/v2\/posts\/356\/revisions\/2357"}],"wp:attachment":[{"href":"https:\/\/www.transtrend.de\/franzkarl\/wordpress\/index.php?rest_route=%2Fwp%2Fv2%2Fmedia&parent=356"}],"wp:term":[{"taxonomy":"category","embeddable":true,"href":"https:\/\/www.transtrend.de\/franzkarl\/wordpress\/index.php?rest_route=%2Fwp%2Fv2%2Fcategories&post=356"},{"taxonomy":"post_tag","embeddable":true,"href":"https:\/\/www.transtrend.de\/franzkarl\/wordpress\/index.php?rest_route=%2Fwp%2Fv2%2Ftags&post=356"}],"curies":[{"name":"wp","href":"https:\/\/api.w.org\/{rel}","templated":true}]}}